{"id":2,"count":2,"description":"Die lokale Jenaer Tanzgruppe bietet die M\u00f6glichkeit die Folklore  unter fachkundiger Leitung von Uwe Kapell  kennenzulernen. Wir \u00fcben uns in Ketten- und Reihent\u00e4nzen von melancholisch langsam bis schwei\u00dftreibend schnell aus nahezu allen L\u00e4ndern des Balkans. \r\n \r\nWillkommen sind  alle Interesseierten, mit oder ohne Tanzerfahrung! ","link":"http:\/\/l-bulgaricus.de\/lbul\/category\/folkore\/","name":"Folkore","slug":"folkore","taxonomy":"category","parent":0,"meta":[],"_links":{"self":[{"href":"http:\/\/l-bulgaricus.de\/lbul\/wp-json\/wp\/v2\/categories\/2","targetHints":{"allow":["GET"]}}],"collection":[{"href":"http:\/\/l-bulgaricus.de\/lbul\/wp-json\/wp\/v2\/categories"}],"about":[{"href":"http:\/\/l-bulgaricus.de\/lbul\/wp-json\/wp\/v2\/taxonomies\/category"}],"wp:post_type":[{"href":"http:\/\/l-bulgaricus.de\/lbul\/wp-json\/wp\/v2\/posts?categories=2"}],"curies":[{"name":"wp","href":"https:\/\/api.w.org\/{rel}","templated":true}]}}