{"id":286,"date":"2020-09-22T16:20:18","date_gmt":"2020-09-22T14:20:18","guid":{"rendered":"http:\/\/l-bulgaricus.de\/lbul\/?p=286"},"modified":"2022-03-23T22:08:32","modified_gmt":"2022-03-23T21:08:32","slug":"konzert-balkan-fever","status":"publish","type":"post","link":"http:\/\/l-bulgaricus.de\/lbul\/2020\/09\/22\/konzert-balkan-fever\/","title":{"rendered":"Konzert \u00b4\u00b4Balkan Fever\u00b4\u00b4"},"content":{"rendered":"\n<figure class=\"wp-block-image size-large\"><img loading=\"lazy\" decoding=\"async\" width=\"1024\" height=\"589\" src=\"http:\/\/l-bulgaricus.de\/lbul\/wp-content\/uploads\/2020\/09\/Konzert-Fleyer22.09-1-1024x589.jpg\" alt=\"\" class=\"wp-image-288\" srcset=\"http:\/\/l-bulgaricus.de\/lbul\/wp-content\/uploads\/2020\/09\/Konzert-Fleyer22.09-1-1024x589.jpg 1024w, http:\/\/l-bulgaricus.de\/lbul\/wp-content\/uploads\/2020\/09\/Konzert-Fleyer22.09-1-300x172.jpg 300w, http:\/\/l-bulgaricus.de\/lbul\/wp-content\/uploads\/2020\/09\/Konzert-Fleyer22.09-1-768x442.jpg 768w, http:\/\/l-bulgaricus.de\/lbul\/wp-content\/uploads\/2020\/09\/Konzert-Fleyer22.09-1-1536x883.jpg 1536w, http:\/\/l-bulgaricus.de\/lbul\/wp-content\/uploads\/2020\/09\/Konzert-Fleyer22.09-1-2048x1177.jpg 2048w\" sizes=\"auto, (max-width: 1024px) 100vw, 1024px\" \/><\/figure>\n\n\n\n<p>Als Solok\u00fcnstler oder als Teil eines Trios wird Tomi Emilov den Geist des Balkans mit Klavier, Schlagzeug, Kontrabass  und Gesang auf der B\u00fchne erwecken. Von 5 bis 13 Achtel &#8211; mit unregelm\u00e4\u00dfige Rhythmen und lustigen Liedern f\u00fchrt Tomi Emilov durch das Programm. Er m\u00f6chte mit seiner Kunst einen genre- und kultur\u00fcbergreifenden Bogen spannen: von Klassik bis Jazz, von Moderne bis Folk, von Tanz bis Akrobatik, mal laut mal leise, Schlagen und Singen &#8211; von Liebe, Leidenschaft und Tod.<\/p>\n\n\n\n<p>Nach dem Konzert werden noch Bulgarische Volkst\u00e4nze angeboten!<\/p>\n\n\n\n<p><\/p>\n","protected":false},"excerpt":{"rendered":"<p>Als Solok\u00fcnstler oder als Teil eines Trios wird Tomi Emilov den Geist des Balkans mit Klavier, Schlagzeug, Kontrabass und Gesang auf der B\u00fchne erwecken. Von 5 bis 13 Achtel &#8211; mit unregelm\u00e4\u00dfige Rhythmen und lustigen Liedern f\u00fchrt Tomi Emilov durch das Programm. Er m\u00f6chte mit seiner Kunst einen genre- und kultur\u00fcbergreifenden Bogen spannen: von Klassik bis Jazz, von Moderne bis [&#8230;]<\/p>\n","protected":false},"author":2,"featured_media":288,"comment_status":"closed","ping_status":"open","sticky":false,"template":"","format":"standard","meta":{"footnotes":""},"categories":[1],"tags":[],"class_list":["post-286","post","type-post","status-publish","format-standard","has-post-thumbnail","hentry","category-allgemein"],"_links":{"self":[{"href":"http:\/\/l-bulgaricus.de\/lbul\/wp-json\/wp\/v2\/posts\/286","targetHints":{"allow":["GET"]}}],"collection":[{"href":"http:\/\/l-bulgaricus.de\/lbul\/wp-json\/wp\/v2\/posts"}],"about":[{"href":"http:\/\/l-bulgaricus.de\/lbul\/wp-json\/wp\/v2\/types\/post"}],"author":[{"embeddable":true,"href":"http:\/\/l-bulgaricus.de\/lbul\/wp-json\/wp\/v2\/users\/2"}],"replies":[{"embeddable":true,"href":"http:\/\/l-bulgaricus.de\/lbul\/wp-json\/wp\/v2\/comments?post=286"}],"version-history":[{"count":3,"href":"http:\/\/l-bulgaricus.de\/lbul\/wp-json\/wp\/v2\/posts\/286\/revisions"}],"predecessor-version":[{"id":291,"href":"http:\/\/l-bulgaricus.de\/lbul\/wp-json\/wp\/v2\/posts\/286\/revisions\/291"}],"wp:featuredmedia":[{"embeddable":true,"href":"http:\/\/l-bulgaricus.de\/lbul\/wp-json\/wp\/v2\/media\/288"}],"wp:attachment":[{"href":"http:\/\/l-bulgaricus.de\/lbul\/wp-json\/wp\/v2\/media?parent=286"}],"wp:term":[{"taxonomy":"category","embeddable":true,"href":"http:\/\/l-bulgaricus.de\/lbul\/wp-json\/wp\/v2\/categories?post=286"},{"taxonomy":"post_tag","embeddable":true,"href":"http:\/\/l-bulgaricus.de\/lbul\/wp-json\/wp\/v2\/tags?post=286"}],"curies":[{"name":"wp","href":"https:\/\/api.w.org\/{rel}","templated":true}]}}